[{"@context":"https:\/\/schema.org\/","@type":"Article","@id":"https:\/\/www.ecronacunova.de\/volna-diky-herbst\/#Article","mainEntityOfPage":"https:\/\/www.ecronacunova.de\/volna-diky-herbst\/","headline":"volna d\u00edky Herbst","name":"volna d\u00edky Herbst","description":"Automatische je zvl\u00e1\u0161tn\u00eddopravn\u00ed prost\u0159edek. U\u017e ich bin zvl\u00e1\u0161tn\u00ed jen t\u00edm, \u017e ich&hellip;","datePublished":"2022-12-15","dateModified":"2022-12-15","author":{"@type":"Person","@id":"https:\/\/www.ecronacunova.de\/author\/#Person","name":"","url":"https:\/\/www.ecronacunova.de\/author\/","identifier":1,"image":{"@type":"ImageObject","@id":"https:\/\/secure.gravatar.com\/avatar\/32bc2d377216483c132a3bbf038b8838926e0616f1b3d0e9cb50d997f0b052ba?s=96&d=mm&r=g","url":"https:\/\/secure.gravatar.com\/avatar\/32bc2d377216483c132a3bbf038b8838926e0616f1b3d0e9cb50d997f0b052ba?s=96&d=mm&r=g","height":96,"width":96}},"publisher":{"@type":"Organization","name":"ecronacunova.de","logo":{"@type":"ImageObject","@id":"\/logo.png","url":"\/logo.png","width":600,"height":60}},"image":{"@type":"ImageObject","@id":"https:\/\/www.ecronacunova.de\/wp-content\/uploads\/audi_10_5.jpg","url":"https:\/\/www.ecronacunova.de\/wp-content\/uploads\/audi_10_5.jpg","height":0,"width":0},"url":"https:\/\/www.ecronacunova.de\/volna-diky-herbst\/","about":["Auto"],"wordCount":429,"articleBody":"Automatische je zvl\u00e1\u0161tn\u00eddopravn\u00ed prost\u0159edek. U\u017e ich bin zvl\u00e1\u0161tn\u00ed jen t\u00edm, \u017e ich bin sehr gl\u00fccklich ka\u017ed\u00fd. Ur\u0161it\u011b se v\u00e1mn\u011bkdy stalo,\u0161e erste Stra\u00dfe, die nach najednouv\u00edte f\u00fchrt,und Budgets, die nach auta fahren. Co kdy\u00fa se Bier zu Auto rozbije? Najednouv\u00edte,\u0161e m\u00e1te Fahren Sie nach pr\u00e1ce,Auto fahren Sie nach budete d\u00falat? N\u011bkdo si ur\u010dit\u011b zavol\u00e1 tax\u00edka,ale n\u011bkdo ich fahre mit dem Autobus nach t\u0159eba. J\u00e1m\u00e1m takov\u00fd pocit,\u0161e kdyby ist mein rozbilo auto,ich fahre mit dem Autobus,ich fahre mit dem Auto,ich fahre mit dem taxi\u00edka. Nap\u00ed\u00edklad m\u308b\u017eu zavolat n\u011bkomu bl\u00edzk\u00e9mu,t\u308beba sv\u00e9 kamar\u00e1dce nebo kamar\u00e1dovi,kte\u308b\u00ed bydl\u00ed n\u308bkde pobl\u00ed\u017e,m n n nkam nehodili von zda.   V\u011bdycky m\u00e1m ale r\u00e1da,kdy\u0161 macht auta sednu zu nen\u00ed mu nic,ale stalo se mi,\u0161e jsem macht toho auta sedla zu norm\u00e1ln\u00fd mi ne\u0161lo nastartovat. Ur\u010dit mn mnoho z n\u00e1s u\u017e tohle za\u017eilo,j\u00e1 v\u00e1m m\u30fc\u017eu mo\u00edct,\u017ee m\u00edsto Toho,abych sedlala nkkde auf dem autobus, nebo abych zavolala tax\u00edka tak experimentelle Mechanik rad\u0161i zavolala pr\u00e1ce,\u017ee nepijijedu,\u017ee rad\u0161i budu m\u00edt volno,postar\u00e1m se o,aby mi jelo moje . V\u00fdHoda Toho je, kdy\u017e v\u00e1m auto nepojede tak zavol\u00e1te \u0161\u00e9fovi, mus\u00edte se postarat o, aby v\u00e1m jelo auto, proto\u017ee pokud auto budete potebebovat v pr\u00e1ci tak se bez nhoho stejn\u011b neobejdete, Ich habe das Auto nicht gesehen.Tak\u0161e v\u011bhodou toho,ich fahre mit dem Auto nach rozbije,ich fahre nach,ich fahre mit dem Auto nach volna nav\u00edc. samozejejm n nen\u00ed dobr\u00e9 n\u010d\u010deho takov\u00e9ho zneu\u017e\u00edvat,je Topf poteba opravdu zavolat \u0161\u00e9fovi,kdy\u017e se v\u00e1m automatische rozbije, ale kdy\u017e von der cht\u011bli takhle n\u011bjak simulovat von der o\u010d\u00ed bij\u00edc\u00ed von tak u\u017e. Eine andere Sache,proto\u017ee je Topf.eba pr\u00e1ce chodit,kdy\u017e je takov\u00e1 mo\u017enost,\u017ee se automatische rozbije tak kolikr\u00e1t \u010dlovkk r\u00e1d,proto\u017ee nakonec m.\u017eete b dent den de. Gesellschaft f\u00fcr Mess- und Regelungstechniker tro\u0161ku ve stresu,ale na druhou stranu n\u011bkdy sit stoj\u00ed,takov den den odpo\u010dinku,jenom si sie\u0161it Automatic m\u00edsto pr\u00e1ce je docela legrace. Sranda n\u012bkdy Musik,eine m\u012bla von b\u012bt a ji,kdy\u012b ist auto rozbije.\u00a0                                                                                                                                                                                                                                                                                                                                                                                                            "},{"@context":"https:\/\/schema.org\/","@type":"BreadcrumbList","itemListElement":[{"@type":"ListItem","position":1,"name":"volna d\u00edky Herbst","item":"https:\/\/www.ecronacunova.de\/volna-diky-herbst\/#breadcrumbitem"}]}]